{"id":246,"date":"2023-11-09T16:58:00","date_gmt":"2023-11-09T19:58:00","guid":{"rendered":"https:\/\/dsalt.ciencias.ubiobio.cl\/?p=246"},"modified":"2025-06-05T17:05:10","modified_gmt":"2025-06-05T20:05:10","slug":"mozart-schule-concepcion-se-corono-en-primer-campeonato-interescolar-dsalt","status":"publish","type":"post","link":"https:\/\/dsalt.ciencias.ubiobio.cl\/index.php\/2023\/11\/09\/mozart-schule-concepcion-se-corono-en-primer-campeonato-interescolar-dsalt\/","title":{"rendered":"Mozart\u00a0Schule\u00a0Concepci\u00f3n\u00a0se coron\u00f3\u00a0en\u00a0Primer\u00a0Campeonato\u00a0Interescolar\u00a0DSALT\u00a0"},"content":{"rendered":"\n<ul class=\"wp-block-list\">\n<li><em>En\u00a0tanto,\u00a0el\u00a0Colegio\u00a0de la\u00a0Sant\u00edsima\u00a0Trinidad y\u00a0The\u00a0Wessex\u00a0School\u00a0alcanzaron\u00a0el\u00a0segundo\u00a0y\u00a0tercer\u00a0puestos,\u00a0respectivamente<\/em>\u00a0<\/li>\n<\/ul>\n\n\n\n<p>La\u00a0ma\u00f1ana\u00a0del\u00a0pasado\u00a0s\u00e1bado\u00a004 de noviembre,\u00a0en\u00a0el\u00a0edificio\u00a0del\u00a0Centro\u00a0de\u00a0Innovaci\u00f3n\u00a0de la\u00a0Universidad\u00a0del\u00a0B\u00edo-B\u00edo,\u00a0campus\u00a0Concepci\u00f3n, se\u00a0realiz\u00f3\u00a0la\u00a0\u00faltima\u00a0de las\u00a0tres\u00a0sesiones\u00a0de\u00a0desaf\u00edos\u00a0del\u00a0<strong>&#8216;Primer\u00a0Campeonato\u00a0Interescolar\u00a0de\u00a0Matem\u00e1tica\u00a0Computacional&#8217;<\/strong>\u00a0organizado\u00a0por\u00a0el\u00a0<a href=\"http:\/\/dsalt.cl\/\" target=\"_blank\" rel=\"noreferrer noopener\">Proyecto\u00a0Anillo\u00a0DSALT de\u00a0Matem\u00e1tica\u00a0Computacional\u00a0para\u00a0Problemas\u00a0de\u00a0Desalinizaci\u00f3n\u00a0(ACT210087-ANID)<\/a>\u00a0<\/p>\n\n\n\n<p>En la&nbsp;actividad,&nbsp;correspondiente&nbsp;a la&nbsp;final&nbsp;de la&nbsp;competencia, los\/as&nbsp;participantes&nbsp;debieron&nbsp;desplegar&nbsp;todos&nbsp;los&nbsp;conocimientos&nbsp;adquiridos&nbsp;durante&nbsp;las&nbsp;dos&nbsp;sesiones&nbsp;previas&nbsp;para&nbsp;la&nbsp;resoluci\u00f3n&nbsp;de seis&nbsp;nuevos&nbsp;desaf\u00edos,&nbsp;cada&nbsp;uno&nbsp;m\u00e1s&nbsp;complejo&nbsp;que&nbsp;el&nbsp;anterior,&nbsp;propuestos&nbsp;por los\/as&nbsp;cient\u00edficos\/as de DSALT.&nbsp;&nbsp;<\/p>\n\n\n\n<p>La&nbsp;actividad&nbsp;comenz\u00f3&nbsp;con&nbsp;un&nbsp;motivador&nbsp;saludo&nbsp;del&nbsp;Dr. David&nbsp;Mora&nbsp;Herrera,&nbsp;director&nbsp;del&nbsp;Departamento&nbsp;de&nbsp;Matem\u00e1tica&nbsp;de la&nbsp;Facultad&nbsp;de&nbsp;Ciencias&nbsp;de la UBB,&nbsp;para&nbsp;luego&nbsp;pasar&nbsp;al&nbsp;planteamiento&nbsp;de&nbsp;los&nbsp;desaf\u00edos&nbsp;por&nbsp;parte&nbsp;del&nbsp;director&nbsp;del&nbsp;Proyecto&nbsp;Anillo,&nbsp;<strong>Dr. Ricardo&nbsp;Oyarz\u00faa&nbsp;Vargas<\/strong>,&nbsp;quien coment\u00f3 que \u201cel&nbsp;An\u00e1lisis Num\u00e9rico es el \u00e1rea de la matem\u00e1tica&nbsp;m\u00e1s desarrollada y&nbsp;de&nbsp;mayor impacto cient\u00edfico&nbsp;en t\u00e9rminos de publicaciones y citas&nbsp;en Concepci\u00f3n, impulsada por acad\u00e9micos\/as&nbsp;de la&nbsp;U. de Concepci\u00f3n (UdeC),&nbsp;U. del B\u00edo-B\u00edo&nbsp;(UBB)&nbsp;y U. Cat\u00f3lica de la Sant\u00edsima Concepci\u00f3n (UCSC), bajo el alero del Centro de Investigaci\u00f3n en Ingenier\u00eda Matem\u00e1tica de la&nbsp;UdeC&nbsp;(CI\u00b2MA)\u201d.&nbsp;&nbsp;<\/p>\n\n\n\n<p>\u201cSin embargo\u201d,&nbsp;continu\u00f3,&nbsp;\u201clo&nbsp;anterior es&nbsp;poco conocido&nbsp;en la comunidad escolar, y&nbsp;los estudiantes de ense\u00f1anza media tienen&nbsp;un escaso conocimiento del \u00e1rea.&nbsp;M\u00e1s&nbsp;a\u00fan,&nbsp;en la&nbsp;mayor\u00eda de los colegios&nbsp;no&nbsp;tienen implementados en sus curr\u00edculos,&nbsp;t\u00f3picos de resoluci\u00f3n de problemas&nbsp;matem\u00e1ticos con herramientas computacionales\u201d.&nbsp;&nbsp;<\/p>\n\n\n\n<p>\u201cMotivados&nbsp;por lo anterior es que, en el contexto de nuestro proyecto anillo,&nbsp;organizamos&nbsp;este campeonato,&nbsp;para&nbsp;justamente&nbsp;incentivar la matem\u00e1tica computacional a nivel escolar,&nbsp;de&nbsp;forma din\u00e1mica&nbsp;e interactiva,&nbsp;en&nbsp;el&nbsp;cual los estudiantes pudieran resolver&nbsp;problemas aplicados&nbsp;sencillos,&nbsp;utilizando m\u00e9todos num\u00e9ricos\u201d,&nbsp;explic\u00f3&nbsp;el&nbsp;tambi\u00e9n&nbsp;investigador&nbsp;del&nbsp;Centro de Modelamiento Matem\u00e1tico&nbsp;(CMM)&nbsp;de la U.&nbsp;de Chile.&nbsp;&nbsp;<\/p>\n\n\n\n<p>\u201cY,&nbsp;sorprendentemente, los estudiantes resolvieron de manera muy r\u00e1pida todos los problemas que les planteamos en la final, aplicando todos los conocimientos adquiridos durante los talleres previos, lo que nos dej\u00f3 muy&nbsp;motivados&nbsp;para continuar con el campeonato en los pr\u00f3ximos a\u00f1os\u201d,&nbsp;agreg\u00f3&nbsp;Oyarz\u00faa.&nbsp;&nbsp;<\/p>\n\n\n\n<p>As\u00ed, de&nbsp;acuerdo&nbsp;a&nbsp;los&nbsp;puntajes&nbsp;obtenidos,&nbsp;los&nbsp;tres&nbsp;establecimientos&nbsp;destacados&nbsp;en&nbsp;el&nbsp;&#8216;Primer&nbsp;Campeonato&nbsp;Interescolar&nbsp;de&nbsp;Matem\u00e1tica&nbsp;Computacional&nbsp;DSALT&#8217;,&nbsp;cuyos&nbsp;representantes&nbsp;recibieron&nbsp;sus&nbsp;galvanos&nbsp;en&nbsp;una&nbsp;breve&nbsp;ceremonia&nbsp;de&nbsp;premiaci\u00f3n&nbsp;que&nbsp;comenz\u00f3&nbsp;con&nbsp;el&nbsp;saludo&nbsp;del&nbsp;Secretario&nbsp;Acad\u00e9mico&nbsp;de la&nbsp;Facultad&nbsp;de&nbsp;Ciencias&nbsp;de la UBB, Dr. Luis Miguel&nbsp;Villada,&nbsp;fueron:&nbsp;<\/p>\n\n\n\n<ul class=\"wp-block-list\">\n<li>1\u00b0 lugar: Mozart\u00a0Schule\u00a0Concepci\u00f3n\u00a0\u00a0<\/li>\n\n\n\n<li>2\u00b0 lugar: Colegio de la Sant\u00edsima Trinidad\u00a0\u00a0<\/li>\n\n\n\n<li>3\u00b0\u00a0lugar:\u00a0The\u00a0Wessex\u00a0School\u00a0<\/li>\n<\/ul>\n\n\n\n<p>La&nbsp;investigadora del Proyecto Anillo DSALT y acad\u00e9mica del Departamento de Matem\u00e1tica y F\u00edsica Aplicadas de la U. Cat\u00f3lica de la Sant\u00edsima Concepci\u00f3n,&nbsp;<strong>Dra. Jessika Cama\u00f1o Valenzuela<\/strong>, destac\u00f3 que&nbsp;\u201ceste primer campeonato de matem\u00e1tica computacional cumpli\u00f3 las expectativas que ten\u00edamos.&nbsp;Logramos entregarles una pincelada de algunas de las herramientas b\u00e1sicas que usamos a diario cuando programamos y esto fue muy bien recibido por parte de los estudiantes. Incluso, nos manifestaron su inter\u00e9s en participar el a\u00f1o que viene en un nuevo campeonato que organicemos. Fue un arduo trabajo con los colegas, pero muy gratificante. Finalmente, me gustar\u00eda destacar que, aun siendo una competencia, se vivi\u00f3 un ambiente muy grato y entretenido\u201d.&nbsp;&nbsp;<\/p>\n\n\n\n<p>\u201cComo Comit\u00e9 Organizador, aprendimos varias lecciones para mejorar la din\u00e1mica y log\u00edstica del campeonato en el futuro\u201d, sostuvo por su parte el investigador de DSALT y acad\u00e9mico de la Facultad de Ciencias F\u00edsicas y Matem\u00e1ticas de la&nbsp;UdeC,&nbsp;<strong>Dr. Manuel Solano Palma<\/strong>. \u201cNuestra idea es realizarlo anualmente y mantenerlo en el tiempo como parte de las m\u00faltiples actividades colaborativas entre las tres casas de estudios (UBB, UCSC y&nbsp;UdeC) que el grupo de An\u00e1lisis Num\u00e9rico de&nbsp;EDPs&nbsp;ha venido realizando desde hace varios a\u00f1os\u201d.&nbsp;<\/p>\n\n\n\n<p><strong>La voz de los participantes<\/strong>&nbsp;<\/p>\n\n\n\n<p><strong>Amanda&nbsp;G\u00f3mez&nbsp;Guti\u00e9rrez&nbsp;<\/strong>integr\u00f3&nbsp;el&nbsp;equipo&nbsp;campe\u00f3n&nbsp;y&nbsp;declar\u00f3&nbsp;que&nbsp;su&nbsp;motivaci\u00f3n&nbsp;para&nbsp;participar&nbsp;\u201cfue&nbsp;aprender&nbsp;sobre&nbsp;el&nbsp;programa&nbsp;OCTAVE&nbsp;y&nbsp;tampoco&nbsp;estaba&nbsp;familiarizada&nbsp;con&nbsp;temas de&nbsp;programaci\u00f3n,&nbsp;entonces,&nbsp;lo&nbsp;vi&nbsp;como&nbsp;una&nbsp;excelente&nbsp;oportunidad&nbsp;para&nbsp;poder&nbsp;aprender&nbsp;y&nbsp;venir&nbsp;a las&nbsp;clases&nbsp;y&nbsp;m\u00e1s&nbsp;o&nbsp;menos&nbsp;conocer&nbsp;c\u00f3mo&nbsp;funciona&nbsp;esto&nbsp;de las&nbsp;olimpiadas,&nbsp;porque&nbsp;tambi\u00e9n&nbsp;es&nbsp;la&nbsp;primera&nbsp;vez&nbsp;que&nbsp;participo&nbsp;en&nbsp;algo&nbsp;parecido.&nbsp;Estuvo&nbsp;s\u00faper&nbsp;bueno, las&nbsp;clases&nbsp;muy&nbsp;buenas, me&nbsp;motivaba&nbsp;a&nbsp;aprender&nbsp;m\u00e1s&nbsp;del&nbsp;programa&nbsp;a&nbsp;buscar&nbsp;videos, ver&nbsp;c\u00f3mo&nbsp;funcionaba,&nbsp;buscar&nbsp;otros&nbsp;problemas&nbsp;para&nbsp;no&nbsp;llegar&nbsp;a la&nbsp;siguiente&nbsp;sesi\u00f3n&nbsp;sin&nbsp;ninguna&nbsp;idea&nbsp;y&nbsp;lo&nbsp;encontr\u00e9&nbsp;una&nbsp;s\u00faper&nbsp;buena&nbsp;oportunidad&nbsp;de ver,&nbsp;tuve&nbsp;que&nbsp;investigar&nbsp;todo&nbsp;fuera&nbsp;de&nbsp;clase&nbsp;para&nbsp;poder&nbsp;mantenerme&nbsp;al&nbsp;d\u00eda\u201d.&nbsp;&nbsp;<\/p>\n\n\n\n<p>En&nbsp;tanto,&nbsp;<strong>An\u00edbal&nbsp;Meersohn&nbsp;B\u00f3rquez<\/strong>&nbsp;es&nbsp;estudiante&nbsp;de&nbsp;segundo&nbsp;medio&nbsp;del&nbsp;Sant\u00edsima&nbsp;Trinidad y&nbsp;explic\u00f3&nbsp;que&nbsp;\u201cconoc\u00eda&nbsp;un&nbsp;poco&nbsp;de&nbsp;Scratch,&nbsp;pero&nbsp;nunca&nbsp;hab\u00eda&nbsp;trabajado&nbsp;directamente&nbsp;programando,&nbsp;con&nbsp;todo&nbsp;lo&nbsp;que&nbsp;nos&nbsp;ense\u00f1aron&nbsp;ac\u00e1&nbsp;en las&nbsp;sesiones,&nbsp;yo&nbsp;llegaba&nbsp;a mi&nbsp;casa&nbsp;a&nbsp;tratar&nbsp;de&nbsp;aplicarlo&nbsp;para&nbsp;resolver&nbsp;los&nbsp;desaf\u00edo,&nbsp;pero&nbsp;fue&nbsp;muy&nbsp;dif\u00edcil.&nbsp;Aun&nbsp;as\u00ed,&nbsp;puedo&nbsp;decir&nbsp;que&nbsp;aprend\u00ed,&nbsp;entend\u00ed&nbsp;la&nbsp;l\u00f3gica&nbsp;de&nbsp;c\u00f3mo&nbsp;funcionaba\u201d&nbsp;<\/p>\n\n\n\n<p><strong>Florencia&nbsp;Suazo Hermosilla&nbsp;<\/strong>cursa&nbsp;tercero medio&nbsp;en el&nbsp;Wessex&nbsp;School&nbsp;y se motiv\u00f3 en participar de la competencia porque \u201csiempre me ha gustado matem\u00e1tica&nbsp;y&nbsp;porque me gusta participar en competencias,&nbsp;aprender y estar con mis amigos. Me interesa la matem\u00e1tica&nbsp;computacional, incluso, he pensado&nbsp;en estudiar ingenier\u00eda inform\u00e1tica,&nbsp;pero no sab\u00eda mucho al respecto\u201d.&nbsp;&nbsp;<\/p>\n\n\n\n<p>\u201cOcupar&nbsp;el&nbsp;programa&nbsp;fue&nbsp;complicado&nbsp;al&nbsp;principio\u201d,&nbsp;explica, \u201cporque&nbsp;no&nbsp;sab\u00edamos&nbsp;mucho&nbsp;de&nbsp;funciones,&nbsp;entonces,&nbsp;est\u00e1bamos&nbsp;un&nbsp;poco&nbsp;como&nbsp;perdidos&nbsp;con&nbsp;eso,&nbsp;pero&nbsp;igual&nbsp;nos&nbsp;pudimos&nbsp;adaptar&nbsp;y&nbsp;aprendimos&nbsp;bastante.&nbsp;Fue&nbsp;muy&nbsp;buena&nbsp;la&nbsp;experiencia\u201d.&nbsp;&nbsp;<\/p>\n\n\n\n<p><strong>Oscar Pino Vega<\/strong>, es estudiante de tercero medio del Thomas Jefferson y&nbsp;coment\u00f3 que \u201cme gusta la matem\u00e1tica y tambi\u00e9n la programaci\u00f3n, as\u00ed&nbsp;es&nbsp;que&nbsp;me interes\u00f3 participar de este campeonato. Me gust\u00f3 harto&nbsp;y en esta \u00faltima clase, me di cuenta&nbsp;de que&nbsp;aprend\u00ed,&nbsp;me fue bien.&nbsp;Antes de venir, entend\u00eda algo, algo sab\u00eda de&nbsp;las derivadas, lo hab\u00eda escuchado,&nbsp;pero&nbsp;no sab\u00eda c\u00f3mo se hac\u00eda ni nada de eso. Y&nbsp;los&nbsp;m\u00e9todos que ocupamos tampoco los conoc\u00eda, pero&nbsp;r\u00e1pidamente&nbsp;lo empec\u00e9 a entender\u201d.&nbsp;&nbsp;<\/p>\n","protected":false},"excerpt":{"rendered":"<p>La\u00a0ma\u00f1ana\u00a0del\u00a0pasado\u00a0s\u00e1bado\u00a004 de noviembre,\u00a0en\u00a0el\u00a0edificio\u00a0del\u00a0Centro\u00a0de\u00a0Innovaci\u00f3n\u00a0de la\u00a0Universidad\u00a0del\u00a0B\u00edo-B\u00edo,\u00a0campus\u00a0Concepci\u00f3n, se\u00a0realiz\u00f3\u00a0la\u00a0\u00faltima\u00a0de las\u00a0tres\u00a0sesiones\u00a0de\u00a0desaf\u00edos\u00a0del\u00a0&#8216;Primer\u00a0Campeonato\u00a0Interescolar\u00a0de\u00a0Matem\u00e1tica\u00a0Computacional&#8217;\u00a0organizado\u00a0por\u00a0el\u00a0Proyecto\u00a0Anillo\u00a0DSALT de\u00a0Matem\u00e1tica\u00a0Computacional\u00a0para\u00a0Problemas\u00a0de\u00a0Desalinizaci\u00f3n\u00a0(ACT210087-ANID)\u00a0 En la&nbsp;actividad,&nbsp;correspondiente&nbsp;a la&nbsp;final&nbsp;de la&nbsp;competencia, los\/as&nbsp;participantes&nbsp;debieron&nbsp;desplegar&nbsp;todos&nbsp;los&nbsp;conocimientos&nbsp;adquiridos&nbsp;durante&nbsp;las&nbsp;dos&nbsp;sesiones&nbsp;previas&nbsp;para&nbsp;la&nbsp;resoluci\u00f3n&nbsp;de seis&nbsp;nuevos&nbsp;desaf\u00edos,&nbsp;cada&nbsp;uno&nbsp;m\u00e1s&nbsp;complejo&nbsp;que&nbsp;el&nbsp;anterior,&nbsp;propuestos&nbsp;por los\/as&nbsp;cient\u00edficos\/as de DSALT.&nbsp;&nbsp; La&nbsp;actividad&nbsp;comenz\u00f3&nbsp;con&nbsp;un&nbsp;motivador&nbsp;saludo&nbsp;del&nbsp;Dr. David&nbsp;Mora&nbsp;Herrera,&nbsp;director&nbsp;del&nbsp;Departamento&nbsp;de&nbsp;Matem\u00e1tica&nbsp;de la&nbsp;Facultad&nbsp;de&nbsp;Ciencias&nbsp;de la [&hellip;]<\/p>\n","protected":false},"author":2,"featured_media":247,"comment_status":"closed","ping_status":"closed","sticky":false,"template":"","format":"standard","meta":{"_eb_attr":"","_uag_custom_page_level_css":"","site-sidebar-layout":"default","site-content-layout":"","ast-site-content-layout":"","site-content-style":"default","site-sidebar-style":"default","ast-global-header-display":"","ast-banner-title-visibility":"","ast-main-header-display":"","ast-hfb-above-header-display":"","ast-hfb-below-header-display":"","ast-hfb-mobile-header-display":"","site-post-title":"","ast-breadcrumbs-content":"","ast-featured-img":"","footer-sml-layout":"","theme-transparent-header-meta":"","adv-header-id-meta":"","stick-header-meta":"","header-above-stick-meta":"","header-main-stick-meta":"","header-below-stick-meta":"","astra-migrate-meta-layouts":"default","ast-page-background-enabled":"default","ast-page-background-meta":{"desktop":{"background-color":"var(--ast-global-color-5)","background-image":"","background-repeat":"repeat","background-position":"center center","background-size":"auto","background-attachment":"scroll","background-type":"","background-media":"","overlay-type":"","overlay-color":"","overlay-opacity":"","overlay-gradient":""},"tablet":{"background-color":"","background-image":"","background-repeat":"repeat","background-position":"center center","background-size":"auto","background-attachment":"scroll","background-type":"","background-media":"","overlay-type":"","overlay-color":"","overlay-opacity":"","overlay-gradient":""},"mobile":{"background-color":"","background-image":"","background-repeat":"repeat","background-position":"center center","background-size":"auto","background-attachment":"scroll","background-type":"","background-media":"","overlay-type":"","overlay-color":"","overlay-opacity":"","overlay-gradient":""}},"ast-content-background-meta":{"desktop":{"background-color":"var(--ast-global-color-4)","background-image":"","background-repeat":"repeat","background-position":"center center","background-size":"auto","background-attachment":"scroll","background-type":"","background-media":"","overlay-type":"","overlay-color":"","overlay-opacity":"","overlay-gradient":""},"tablet":{"background-color":"var(--ast-global-color-4)","background-image":"","background-repeat":"repeat","background-position":"center center","background-size":"auto","background-attachment":"scroll","background-type":"","background-media":"","overlay-type":"","overlay-color":"","overlay-opacity":"","overlay-gradient":""},"mobile":{"background-color":"var(--ast-global-color-4)","background-image":"","background-repeat":"repeat","background-position":"center center","background-size":"auto","background-attachment":"scroll","background-type":"","background-media":"","overlay-type":"","overlay-color":"","overlay-opacity":"","overlay-gradient":""}},"footnotes":""},"categories":[7],"tags":[],"class_list":["post-246","post","type-post","status-publish","format-standard","has-post-thumbnail","hentry","category-noticias"],"uagb_featured_image_src":{"full":["https:\/\/dsalt.ciencias.ubiobio.cl\/wp-content\/uploads\/2025\/06\/Mozart-Schule-Concepcion-scaled.jpg",2560,1706,false],"thumbnail":["https:\/\/dsalt.ciencias.ubiobio.cl\/wp-content\/uploads\/2025\/06\/Mozart-Schule-Concepcion-150x150.jpg",150,150,true],"medium":["https:\/\/dsalt.ciencias.ubiobio.cl\/wp-content\/uploads\/2025\/06\/Mozart-Schule-Concepcion-300x200.jpg",300,200,true],"medium_large":["https:\/\/dsalt.ciencias.ubiobio.cl\/wp-content\/uploads\/2025\/06\/Mozart-Schule-Concepcion-768x512.jpg",768,512,true],"large":["https:\/\/dsalt.ciencias.ubiobio.cl\/wp-content\/uploads\/2025\/06\/Mozart-Schule-Concepcion-1024x682.jpg",1024,682,true],"1536x1536":["https:\/\/dsalt.ciencias.ubiobio.cl\/wp-content\/uploads\/2025\/06\/Mozart-Schule-Concepcion-1536x1023.jpg",1536,1023,true],"2048x2048":["https:\/\/dsalt.ciencias.ubiobio.cl\/wp-content\/uploads\/2025\/06\/Mozart-Schule-Concepcion-2048x1365.jpg",2048,1365,true]},"uagb_author_info":{"display_name":"Iv\u00e1n Tobar","author_link":"https:\/\/dsalt.ciencias.ubiobio.cl\/index.php\/author\/itobar\/"},"uagb_comment_info":0,"uagb_excerpt":"La\u00a0ma\u00f1ana\u00a0del\u00a0pasado\u00a0s\u00e1bado\u00a004 de noviembre,\u00a0en\u00a0el\u00a0edificio\u00a0del\u00a0Centro\u00a0de\u00a0Innovaci\u00f3n\u00a0de la\u00a0Universidad\u00a0del\u00a0B\u00edo-B\u00edo,\u00a0campus\u00a0Concepci\u00f3n, se\u00a0realiz\u00f3\u00a0la\u00a0\u00faltima\u00a0de las\u00a0tres\u00a0sesiones\u00a0de\u00a0desaf\u00edos\u00a0del\u00a0&#8216;Primer\u00a0Campeonato\u00a0Interescolar\u00a0de\u00a0Matem\u00e1tica\u00a0Computacional&#8217;\u00a0organizado\u00a0por\u00a0el\u00a0Proyecto\u00a0Anillo\u00a0DSALT de\u00a0Matem\u00e1tica\u00a0Computacional\u00a0para\u00a0Problemas\u00a0de\u00a0Desalinizaci\u00f3n\u00a0(ACT210087-ANID)\u00a0 En la&nbsp;actividad,&nbsp;correspondiente&nbsp;a la&nbsp;final&nbsp;de la&nbsp;competencia, los\/as&nbsp;participantes&nbsp;debieron&nbsp;desplegar&nbsp;todos&nbsp;los&nbsp;conocimientos&nbsp;adquiridos&nbsp;durante&nbsp;las&nbsp;dos&nbsp;sesiones&nbsp;previas&nbsp;para&nbsp;la&nbsp;resoluci\u00f3n&nbsp;de seis&nbsp;nuevos&nbsp;desaf\u00edos,&nbsp;cada&nbsp;uno&nbsp;m\u00e1s&nbsp;complejo&nbsp;que&nbsp;el&nbsp;anterior,&nbsp;propuestos&nbsp;por los\/as&nbsp;cient\u00edficos\/as de DSALT.&nbsp;&nbsp; La&nbsp;actividad&nbsp;comenz\u00f3&nbsp;con&nbsp;un&nbsp;motivador&nbsp;saludo&nbsp;del&nbsp;Dr. David&nbsp;Mora&nbsp;Herrera,&nbsp;director&nbsp;del&nbsp;Departamento&nbsp;de&nbsp;Matem\u00e1tica&nbsp;de la&nbsp;Facultad&nbsp;de&nbsp;Ciencias&nbsp;de la [&hellip;]","_links":{"self":[{"href":"https:\/\/dsalt.ciencias.ubiobio.cl\/index.php\/wp-json\/wp\/v2\/posts\/246","targetHints":{"allow":["GET"]}}],"collection":[{"href":"https:\/\/dsalt.ciencias.ubiobio.cl\/index.php\/wp-json\/wp\/v2\/posts"}],"about":[{"href":"https:\/\/dsalt.ciencias.ubiobio.cl\/index.php\/wp-json\/wp\/v2\/types\/post"}],"author":[{"embeddable":true,"href":"https:\/\/dsalt.ciencias.ubiobio.cl\/index.php\/wp-json\/wp\/v2\/users\/2"}],"replies":[{"embeddable":true,"href":"https:\/\/dsalt.ciencias.ubiobio.cl\/index.php\/wp-json\/wp\/v2\/comments?post=246"}],"version-history":[{"count":1,"href":"https:\/\/dsalt.ciencias.ubiobio.cl\/index.php\/wp-json\/wp\/v2\/posts\/246\/revisions"}],"predecessor-version":[{"id":248,"href":"https:\/\/dsalt.ciencias.ubiobio.cl\/index.php\/wp-json\/wp\/v2\/posts\/246\/revisions\/248"}],"wp:featuredmedia":[{"embeddable":true,"href":"https:\/\/dsalt.ciencias.ubiobio.cl\/index.php\/wp-json\/wp\/v2\/media\/247"}],"wp:attachment":[{"href":"https:\/\/dsalt.ciencias.ubiobio.cl\/index.php\/wp-json\/wp\/v2\/media?parent=246"}],"wp:term":[{"taxonomy":"category","embeddable":true,"href":"https:\/\/dsalt.ciencias.ubiobio.cl\/index.php\/wp-json\/wp\/v2\/categories?post=246"},{"taxonomy":"post_tag","embeddable":true,"href":"https:\/\/dsalt.ciencias.ubiobio.cl\/index.php\/wp-json\/wp\/v2\/tags?post=246"}],"curies":[{"name":"wp","href":"https:\/\/api.w.org\/{rel}","templated":true}]}}